{"id":3814,"date":"2021-03-19T02:22:16","date_gmt":"2021-03-19T11:22:16","guid":{"rendered":"https:\/\/www.supledesarrollo.com.ar\/?p=3814"},"modified":"2021-03-19T02:22:16","modified_gmt":"2021-03-19T11:22:16","slug":"lludgar-sobre-inversiones-de-ypf-en-santa-cruz-estamos-muy-conformes","status":"publish","type":"post","link":"https:\/\/desarrollosanjorge.com.ar\/?p=3814","title":{"rendered":"Lludgar sobre inversiones de YPF en Santa Cruz: \u00abEstamos muy conformes\u00bb"},"content":{"rendered":"<p><strong>El Secretario General del Sindicato Petrolero Jer\u00e1rquico de la Patagonia Austral, suscribi\u00f3 en la tarde de este jueves el acuerdo mediante el cual la operadora de Bandera anunci\u00f3 una inversi\u00f3n de m\u00e1s de 300 millones de d\u00f3lares y la puesta en actividad de cuatro Equipos de Torre en la zona norte de esa provincia.<\/strong><!--more--><\/p>\n<p>Jos\u00e9 Dante Llugdar particip\u00f3 hoy de la recorrida efectuada por los m\u00e1ximos directivos de dicha empresa, su Presidente Pablo Gonz\u00e1lez y el CEO Sergio Affronti, a las instalaciones del Yacimiento Los Perales; lugar en el que se anunci\u00f3 la mencionada inversi\u00f3n, que le permitir\u00e1 a YPF totalizar 30 equipos en esa provincia durante el 2021, al tiempo que se desarrollar\u00e1 una intensa campa\u00f1a de recuperaci\u00f3n terciaria al sumar una planta de pol\u00edmeros en Ca\u00f1ad\u00f3n Le\u00f3n y una en Los Perales, a las dos que ya est\u00e1n en actividad en la zona.<\/p>\n<p>All\u00ed, qued\u00f3 rubricado el acuerdo de Productividad que permitir\u00e1 mantener estos niveles de actividad, producci\u00f3n y trabajo, todo bajo el atento seguimiento online de la gobernadora de Santa Cruz, Alicia Kirchner; marco en el cual Llugdar agradeci\u00f3 a todos los all\u00ed presentes, entre ellos los mencionados directivos de YPF; el Vicegobernador de Santa Cruz, Eugenio Quiroga; la Ministra de Producci\u00f3n santacruce\u00f1a, Silvina C\u00f3rdoba y su par de Petroleros Privados de Santa Cruz, Claudio Vidal.<\/p>\n<p>\u201cPara m\u00ed en lo personal es un d\u00eda muy especial. El a\u00f1o pasado para estas fechas era impensado que \u00edbamos a pasar por esta situaci\u00f3n de tener poca actividad, casi a cero, no solamente de la provincia de Santa Cruz sino en el pa\u00eds y en el mundo. Aqu\u00ed hubo compa\u00f1\u00edas que se dedican a exportar, netamente y la actividad se detuvo\u201d, analiz\u00f3.<\/p>\n<p>El l\u00edder sindical record\u00f3 en tal sentido su encuentro con Alejandro Eloff, Gerente Regional de YPF en la Cuenca del Golfo San Jorge, con quien habl\u00f3 de estos temas y que tambi\u00e9n tuvo la oportunidad de estar en el edificio emblema de la operadora de Bandera en Capital Federal, cuando reci\u00e9n asum\u00eda Gonz\u00e1lez como presidente; y se preve\u00eda la compa\u00f1\u00eda pod\u00eda entrar en default.<\/p>\n<p>\u201cLos santacruce\u00f1os o aquellos que conocemos lo que es YPF, tenemos que valorar el hecho de no haber entrado en default, porque no estamos hablando \u00fanicamente de YPF: toda la Industria iba a entrar en una crisis realmente sin precedentes y el pa\u00eds tambi\u00e9n\u201d, sostuvo Llugdar, quien asisti\u00f3 acompa\u00f1ado del Secretario de Actas, Prensa y Propaganda de la Instituci\u00f3n, David Klappenbach y del Delegado Gremial por la empresa AESA, N\u00e9stor Heredia.<\/p>\n<p>En ese marco, el dirigente agradeci\u00f3 al propio Gonz\u00e1lez y a Affronti \u201cque pudieran sacar esto adelante y que tambi\u00e9n haya un modelo de pa\u00eds que tiene que ver con el compromiso que hay con la Productividad y la Eficiencia\u201d, a quienes les asegur\u00f3: \u201cdesde el sector de los Trabajadores al cual represento, cuenten con nuestro compromiso\u201d.<\/p>\n<p>\u201cMe gustar\u00eda que se sepa que estamos muy conformes porque, a\u00f1os atr\u00e1s, a lo \u00fanico que se le daba importancia, era a lo No Convencional. Hoy para YPF tanto eso como lo Convencional, es importante, lo que significa actividad, Trabajo, y simplemente quiero dar las gracias por eso\u201d, concluy\u00f3.<\/p>\n<p>Por su parte Gonz\u00e1lez indic\u00f3 que \u201cestamos trabajando de manera mancomunada para poner m\u00e1s recursos al servicio de la Producci\u00f3n, que genera crecimiento en la actividad econ\u00f3mica de la provincia y pone en marcha el aparato productivo hidrocarbur\u00edfero de YPF\u201d.<\/p>\n","protected":false},"excerpt":{"rendered":"<p>El Secretario General del Sindicato Petrolero Jer\u00e1rquico de la Patagonia Austral, suscribi\u00f3 en la tarde de este jueves el acuerdo&hellip;<\/p>\n","protected":false},"author":3,"featured_media":3815,"comment_status":"open","ping_status":"open","sticky":false,"template":"","format":"standard","meta":{"footnotes":""},"categories":[1],"tags":[95,390,30,14],"class_list":["post-3814","post","type-post","status-publish","format-standard","has-post-thumbnail","hentry","category-petroleo","tag-inversiones","tag-lludgar","tag-santa-cruz","tag-ypf"],"_links":{"self":[{"href":"https:\/\/desarrollosanjorge.com.ar\/index.php?rest_route=\/wp\/v2\/posts\/3814","targetHints":{"allow":["GET"]}}],"collection":[{"href":"https:\/\/desarrollosanjorge.com.ar\/index.php?rest_route=\/wp\/v2\/posts"}],"about":[{"href":"https:\/\/desarrollosanjorge.com.ar\/index.php?rest_route=\/wp\/v2\/types\/post"}],"author":[{"embeddable":true,"href":"https:\/\/desarrollosanjorge.com.ar\/index.php?rest_route=\/wp\/v2\/users\/3"}],"replies":[{"embeddable":true,"href":"https:\/\/desarrollosanjorge.com.ar\/index.php?rest_route=%2Fwp%2Fv2%2Fcomments&post=3814"}],"version-history":[{"count":1,"href":"https:\/\/desarrollosanjorge.com.ar\/index.php?rest_route=\/wp\/v2\/posts\/3814\/revisions"}],"predecessor-version":[{"id":3816,"href":"https:\/\/desarrollosanjorge.com.ar\/index.php?rest_route=\/wp\/v2\/posts\/3814\/revisions\/3816"}],"wp:featuredmedia":[{"embeddable":true,"href":"https:\/\/desarrollosanjorge.com.ar\/index.php?rest_route=\/wp\/v2\/media\/3815"}],"wp:attachment":[{"href":"https:\/\/desarrollosanjorge.com.ar\/index.php?rest_route=%2Fwp%2Fv2%2Fmedia&parent=3814"}],"wp:term":[{"taxonomy":"category","embeddable":true,"href":"https:\/\/desarrollosanjorge.com.ar\/index.php?rest_route=%2Fwp%2Fv2%2Fcategories&post=3814"},{"taxonomy":"post_tag","embeddable":true,"href":"https:\/\/desarrollosanjorge.com.ar\/index.php?rest_route=%2Fwp%2Fv2%2Ftags&post=3814"}],"curies":[{"name":"wp","href":"https:\/\/api.w.org\/{rel}","templated":true}]}}