{"id":3811,"date":"2021-03-17T12:22:14","date_gmt":"2021-03-17T21:22:14","guid":{"rendered":"https:\/\/www.supledesarrollo.com.ar\/?p=3811"},"modified":"2021-03-17T12:22:14","modified_gmt":"2021-03-17T21:22:14","slug":"ypf-invertira-184-millones-de-dolares-y-tendra-en-actividad-15-equipos-de-torre-en-chubut","status":"publish","type":"post","link":"https:\/\/desarrollosanjorge.com.ar\/?p=3811","title":{"rendered":"YPF invertir\u00e1 184 millones de d\u00f3lares y tendr\u00e1 en actividad 15 equipos de torre en Chubut"},"content":{"rendered":"<p>El presidente de YPF Pablo Gonz\u00e1lez, y el CEO de la compa\u00f1\u00eda, Sergio Affronti, anunciaron una inversi\u00f3n de 184 millones de d\u00f3lares para la provincia del Chubut y la puesta en actividad de 2 nuevos equipos de torre. De esta manera, la compa\u00f1\u00eda tendr\u00e1 15 equipos en actividad en la provincia durante 2021.<!--more--><\/p>\n<p>Este anuncio, del que participaron autoridades de la provincia del Chubut, representantes sindicales y de las C\u00e1maras empresarias, forma parte del ambicioso plan de inversiones para este a\u00f1o que le permitir\u00e1 recuperar, a la compa\u00f1\u00eda, la actividad y la producci\u00f3n en todas las provincias en donde opera.<\/p>\n<p>\u201cQueremos tener un di\u00e1logo franco con todos los actores para generar la energ\u00eda que los argentinos y las argentinas necesitan. Los fondos que la compa\u00f1\u00eda consigue tienen que estar al servicio de la producci\u00f3n y del trabajo\u201d, afirm\u00f3 Pablo Gonz\u00e1lez, presidente de YPF<\/p>\n<p>Para este a\u00f1o, en Chubut la compa\u00f1\u00eda mantendr\u00e1 su foco en la recuperaci\u00f3n secundaria y terciaria que tan buenos resultados le dio durante el 2020. YPF proyecta realizar la reparaci\u00f3n de 130 pozos y la perforaci\u00f3n de 45 pozos nuevos.<\/p>\n<p>Adem\u00e1s, YPF lanzar\u00e1 un nuevo piloto de terciaria en el yacimiento El Tr\u00e9bol con la instalaci\u00f3n de una planta de pol\u00edmeros y sumar\u00e1 una planta en Manantiales Behr, yacimiento con m\u00e1s de 90 a\u00f1os y que durante el 2020 gener\u00f3 producciones r\u00e9cord. En total, la actividad de terciaria en la provincia se desarrollar\u00e1 con 7 plantas.<\/p>\n<p>Este anuncio de mayor actividad, producci\u00f3n y trabajo constituye un esfuerzo compartido de YPF con sus proveedores, con el gobierno provincial y municipal de Comodoro Rivadavia y con los trabajadores de la industria. En ese marco, se firm\u00f3 la ratificaci\u00f3n del acuerdo de eficiencia y productividad para poner en valor los recursos de la provincia.<\/p>\n<p>Durante el anuncio estuvieron presentes, adem\u00e1s de las autoridades de la compa\u00f1\u00eda, Gustavo Astie, vicepresidente de Upstream Convencional; Alejandro Eloff, gerente ejecutivo Regional Sur; Mat\u00edas Bezi, gerente de Asuntos Externos Regional Sur; Santiago Carreras, gerente de Departamento de Asuntos Institucionales; Horacio Forchiassin, director en YPF por Chubut; Martin Cerda, ministro de Energ\u00eda del Chubut; Jorge \u201cLoma\u201d Avila, secretario general del Sindicato del Petr\u00f3leo y Gas Privado del Chubut; Jos\u00e9 Llugdar, secretario general del Sindicato del Personal Jer\u00e1rquico y Profesional del Petr\u00f3leo Privado de la Patagonia Austral ; Juan Pablo Luque, intendente de Comodoro Rivadavia y Ezequiel Cufre, presidente de la C\u00e1mara de Empresas de Servicios de la Cuenca del Golfo San Jorge, y miembros de la Comisi\u00f3n Directiva.<\/p>\n","protected":false},"excerpt":{"rendered":"<p>El presidente de YPF Pablo Gonz\u00e1lez, y el CEO de la compa\u00f1\u00eda, Sergio Affronti, anunciaron una inversi\u00f3n de 184 millones&hellip;<\/p>\n","protected":false},"author":3,"featured_media":3812,"comment_status":"open","ping_status":"open","sticky":false,"template":"","format":"standard","meta":{"footnotes":""},"categories":[1],"tags":[29,95,14],"class_list":["post-3811","post","type-post","status-publish","format-standard","has-post-thumbnail","hentry","category-petroleo","tag-chubut","tag-inversiones","tag-ypf"],"_links":{"self":[{"href":"https:\/\/desarrollosanjorge.com.ar\/index.php?rest_route=\/wp\/v2\/posts\/3811","targetHints":{"allow":["GET"]}}],"collection":[{"href":"https:\/\/desarrollosanjorge.com.ar\/index.php?rest_route=\/wp\/v2\/posts"}],"about":[{"href":"https:\/\/desarrollosanjorge.com.ar\/index.php?rest_route=\/wp\/v2\/types\/post"}],"author":[{"embeddable":true,"href":"https:\/\/desarrollosanjorge.com.ar\/index.php?rest_route=\/wp\/v2\/users\/3"}],"replies":[{"embeddable":true,"href":"https:\/\/desarrollosanjorge.com.ar\/index.php?rest_route=%2Fwp%2Fv2%2Fcomments&post=3811"}],"version-history":[{"count":1,"href":"https:\/\/desarrollosanjorge.com.ar\/index.php?rest_route=\/wp\/v2\/posts\/3811\/revisions"}],"predecessor-version":[{"id":3813,"href":"https:\/\/desarrollosanjorge.com.ar\/index.php?rest_route=\/wp\/v2\/posts\/3811\/revisions\/3813"}],"wp:featuredmedia":[{"embeddable":true,"href":"https:\/\/desarrollosanjorge.com.ar\/index.php?rest_route=\/wp\/v2\/media\/3812"}],"wp:attachment":[{"href":"https:\/\/desarrollosanjorge.com.ar\/index.php?rest_route=%2Fwp%2Fv2%2Fmedia&parent=3811"}],"wp:term":[{"taxonomy":"category","embeddable":true,"href":"https:\/\/desarrollosanjorge.com.ar\/index.php?rest_route=%2Fwp%2Fv2%2Fcategories&post=3811"},{"taxonomy":"post_tag","embeddable":true,"href":"https:\/\/desarrollosanjorge.com.ar\/index.php?rest_route=%2Fwp%2Fv2%2Ftags&post=3811"}],"curies":[{"name":"wp","href":"https:\/\/api.w.org\/{rel}","templated":true}]}}